{"id":930,"date":"2026-01-12T00:56:31","date_gmt":"2026-01-12T00:56:31","guid":{"rendered":"https:\/\/portalvilaprudente.com.br\/portalvp\/?p=930"},"modified":"2026-01-11T22:09:18","modified_gmt":"2026-01-12T01:09:18","slug":"concessionaria-citroen-da-avenida-anhaia-melo-esta-causando-transtornos-aos-vizinhos-da-loja","status":"publish","type":"post","link":"https:\/\/portalvilaprudente.com.br\/portalvp\/2026\/01\/12\/concessionaria-citroen-da-avenida-anhaia-melo-esta-causando-transtornos-aos-vizinhos-da-loja\/","title":{"rendered":"Concession\u00e1ria Citroen da Avenida Anhaia Melo esta causando transtornos aos vizinhos da loja"},"content":{"rendered":"\n<p>Os moradores da Rua Torquato tasso que fica germinada a loja da concession\u00e1ria Citroen localizada na Avenida Anhaia Melo 1863, est\u00e3o vivendo um verdadeiro inferno desde maio de 2025.<\/p>\n\n\n\n<p>Em 2011 a Loja assinou um acordo judicial com os moradores onde ficou proibido a instala\u00e7\u00e3o de aparelhos de ar condicionado e equipamentos industriais germinados com as casas, devido ao excesso de ruido que causava danos a sa\u00fade dos moradores.<\/p>\n\n\n\n<figure class=\"wp-block-image size-full\"><img loading=\"lazy\" decoding=\"async\" width=\"488\" height=\"587\" src=\"https:\/\/portalvilaprudente.com.br\/portalvp\/wp-content\/uploads\/2026\/01\/processo.jpg\" alt=\"\" class=\"wp-image-941\" srcset=\"https:\/\/portalvilaprudente.com.br\/portalvp\/wp-content\/uploads\/2026\/01\/processo.jpg 488w, https:\/\/portalvilaprudente.com.br\/portalvp\/wp-content\/uploads\/2026\/01\/processo-249x300.jpg 249w\" sizes=\"auto, (max-width: 488px) 100vw, 488px\" \/><\/figure>\n\n\n\n<p>Mas desde 15\/05\/2025 a loja descumpriu o acordo e come\u00e7ou a instalar aparelhos de ar condiconado na lateral das casas, estes mesmos aparelhos estavam instalados no telhado da loja conforme o acordo firmado no f\u00f3rum em 2011.<\/p>\n\n\n\n<p>At\u00e9 agora foram instalados 16 aparelhos de ar condicionado e 6 destes equipamentos produzem mais de 70db de ru\u00eddo &#8220;cada um&#8221;, conforme descri\u00e7\u00e3o t\u00e9cnica dos equipamentos disponivel na internet para consulta.<\/p>\n\n\n\n<p>O morador Jos\u00e9 Luis esteve por 3 vezes buscando a ger\u00eancia da loja para resolver o problema, mas na \u00faltima tentativa o gerente disse que os aparelhos continuariam instalados no local.<\/p>\n\n\n\n<p>O processo foi reaberto e a Citroen j\u00e1 foi intimada, na resposta eles se esquivaram do problema, alegando n\u00e3o ter responsabilidade, e que a loja que deve ser responsabilizada pela situa\u00e7\u00e3o.<\/p>\n\n\n\n<p>A verdade \u00e9 uma s\u00f3, existe um acordo judicial homologado por um juiz, e acordo judicial se cumpre n\u00e3o se discute, enquanto n\u00e3o sai a ordem para que a loja cumpra o acordo, os moradores est\u00e3o sofrendo com a situa\u00e7\u00e3o, o barulho come\u00e7a as 7:00 e permanece o dia inteiro as vezes a noite, de segunda a segunda sem tr\u00e9gua. Estivemos hoje no local durante a tarde e registramos uma verdadeira algazarra que estava sendo feita por t\u00e9cnicos que trabalhavam nos aparelhos de ar condicionado, gritaria, palavras de baixo cal\u00e3o, um desrespeito total, um barulho terrivel de m\u00e1quinas e fuma\u00e7a de solda, em pleno domingo de descanso, mostra o desrespeito da loja para com os vizinhos, no momento em que estivemos no local havia 3 familias, sendo 2 mulheres e 1 crian\u00e7a, que n\u00e3o conseguiam ao menos assistir tv dentro de suas pr\u00f3prias casas.<\/p>\n\n\n\n<p>Vamos encaminhar uma reclama\u00e7\u00e3o para subprefeitura da Vila Prudente, entrar em contato com a Citroen para saber se esta \u00e9 a recomenda\u00e7\u00e3o da marca em rela\u00e7\u00e3o ao tratamento com os vizinhos das suas concession\u00e1rias.<\/p>\n\n\n\n<p>Uma loja deste porte que n\u00e3o respeita ordem judical, n\u00e3o respeita a legisla\u00e7\u00e3o municipal de emiss\u00e3o de ru\u00eddos e o bom relacionamento com a vizinhan\u00e7a com certeza n\u00e3o \u00e9 um bom lugar para voc\u00ea fazer neg\u00f3cios, eles n\u00e3o v\u00e3o respeitar o cliente caso algo aconte\u00e7a com seu ve\u00edculo, se voc\u00ea esta pensando em comprar um carro da Citroen recomendamos que procure outra loja para fazer neg\u00f3cios, porque a loja da Avenida Anhaia Melo 1863 na Vila Prudente, n\u00e3o respeita o cidad\u00e3o, e detalhe os moradores vizinhos moram no endere\u00e7o a 40 anos a loja foi construida em 2011.<\/p>\n\n\n\n<figure class=\"wp-block-gallery has-nested-images columns-default is-cropped wp-block-gallery-1 is-layout-flex wp-block-gallery-is-layout-flex\">\n<figure class=\"wp-block-image size-large\"><img loading=\"lazy\" decoding=\"async\" width=\"462\" height=\"1024\" data-id=\"935\" src=\"https:\/\/portalvilaprudente.com.br\/portalvp\/wp-content\/uploads\/2026\/01\/IMG_20250821_141945-462x1024.jpg\" alt=\"\" class=\"wp-image-935\" srcset=\"https:\/\/portalvilaprudente.com.br\/portalvp\/wp-content\/uploads\/2026\/01\/IMG_20250821_141945-462x1024.jpg 462w, https:\/\/portalvilaprudente.com.br\/portalvp\/wp-content\/uploads\/2026\/01\/IMG_20250821_141945-135x300.jpg 135w, https:\/\/portalvilaprudente.com.br\/portalvp\/wp-content\/uploads\/2026\/01\/IMG_20250821_141945-768x1703.jpg 768w, https:\/\/portalvilaprudente.com.br\/portalvp\/wp-content\/uploads\/2026\/01\/IMG_20250821_141945-693x1536.jpg 693w, https:\/\/portalvilaprudente.com.br\/portalvp\/wp-content\/uploads\/2026\/01\/IMG_20250821_141945-924x2048.jpg 924w, https:\/\/portalvilaprudente.com.br\/portalvp\/wp-content\/uploads\/2026\/01\/IMG_20250821_141945-scaled.jpg 1155w\" sizes=\"auto, (max-width: 462px) 100vw, 462px\" \/><\/figure>\n\n\n\n<figure class=\"wp-block-image size-large\"><img loading=\"lazy\" decoding=\"async\" width=\"461\" height=\"1024\" data-id=\"936\" src=\"https:\/\/portalvilaprudente.com.br\/portalvp\/wp-content\/uploads\/2026\/01\/Screenshot_20260111-154246-461x1024.png\" alt=\"\" class=\"wp-image-936\" srcset=\"https:\/\/portalvilaprudente.com.br\/portalvp\/wp-content\/uploads\/2026\/01\/Screenshot_20260111-154246-461x1024.png 461w, https:\/\/portalvilaprudente.com.br\/portalvp\/wp-content\/uploads\/2026\/01\/Screenshot_20260111-154246-135x300.png 135w, https:\/\/portalvilaprudente.com.br\/portalvp\/wp-content\/uploads\/2026\/01\/Screenshot_20260111-154246-768x1707.png 768w, https:\/\/portalvilaprudente.com.br\/portalvp\/wp-content\/uploads\/2026\/01\/Screenshot_20260111-154246-691x1536.png 691w, https:\/\/portalvilaprudente.com.br\/portalvp\/wp-content\/uploads\/2026\/01\/Screenshot_20260111-154246-922x2048.png 922w, https:\/\/portalvilaprudente.com.br\/portalvp\/wp-content\/uploads\/2026\/01\/Screenshot_20260111-154246.png 1080w\" sizes=\"auto, (max-width: 461px) 100vw, 461px\" \/><\/figure>\n\n\n\n<figure class=\"wp-block-image size-large\"><img loading=\"lazy\" decoding=\"async\" width=\"1024\" height=\"770\" data-id=\"934\" src=\"https:\/\/portalvilaprudente.com.br\/portalvp\/wp-content\/uploads\/2026\/01\/WhatsApp-Image-2025-08-20-at-11.16.22-1024x770.jpeg\" alt=\"\" class=\"wp-image-934\" srcset=\"https:\/\/portalvilaprudente.com.br\/portalvp\/wp-content\/uploads\/2026\/01\/WhatsApp-Image-2025-08-20-at-11.16.22-1024x770.jpeg 1024w, https:\/\/portalvilaprudente.com.br\/portalvp\/wp-content\/uploads\/2026\/01\/WhatsApp-Image-2025-08-20-at-11.16.22-300x226.jpeg 300w, https:\/\/portalvilaprudente.com.br\/portalvp\/wp-content\/uploads\/2026\/01\/WhatsApp-Image-2025-08-20-at-11.16.22-768x578.jpeg 768w, https:\/\/portalvilaprudente.com.br\/portalvp\/wp-content\/uploads\/2026\/01\/WhatsApp-Image-2025-08-20-at-11.16.22.jpeg 1280w\" sizes=\"auto, (max-width: 1024px) 100vw, 1024px\" \/><\/figure>\n<\/figure>\n\n\n\n<figure class=\"wp-block-video\"><video controls src=\"https:\/\/portalvilaprudente.com.br\/portalvp\/wp-content\/uploads\/2026\/01\/VID_20260111_145744558.mp4\"><\/video><\/figure>\n\n\n\n<figure class=\"wp-block-video\"><video controls src=\"https:\/\/portalvilaprudente.com.br\/portalvp\/wp-content\/uploads\/2026\/01\/VID_20260111_152631332.mp4\"><\/video><\/figure>\n\n\n\n<p>O que documentamos hoje nas casas da Rua Torquato Tasso foi um desrespeito para com os moradores, as pessoas que fizeram esta bagun\u00e7a hoje l\u00e1 na loja da Citroen, n\u00e3o podem ser chamados de profissional, a loja deveria se envergonhar de tratar as pessoas desta forma, causando perturba\u00e7\u00e3o ao sossego de quem trabalha a semana inteira e s\u00f3 tem o domingo para descansar. Vamos acompanhar este caso de perto at\u00e9 que a loja cumpra a ordem judical e realoque os aparelhos para o telhado, que foi o acertado na audi\u00eancia em 2011.<\/p>\n","protected":false},"excerpt":{"rendered":"<p>Os moradores da Rua Torquato tasso que fica germinada a loja da concession\u00e1ria Citroen localizada na Avenida Anhaia Melo 1863, est\u00e3o vivendo um verdadeiro inferno desde maio de 2025. Em 2011 a Loja assinou um acordo judicial com os moradores onde ficou proibido a instala\u00e7\u00e3o de aparelhos de ar condicionado e equipamentos industriais germinados com [&hellip;]<\/p>\n","protected":false},"author":1,"featured_media":934,"comment_status":"open","ping_status":"open","sticky":false,"template":"","format":"standard","meta":{"footnotes":""},"categories":[2],"tags":[330,251,272,329,331,7],"class_list":["post-930","post","type-post","status-publish","format-standard","has-post-thumbnail","hentry","category-noticias","tag-ar-condicionado","tag-barulho","tag-citroen","tag-fiat","tag-perturbacao","tag-vila-prudente"],"_links":{"self":[{"href":"https:\/\/portalvilaprudente.com.br\/portalvp\/wp-json\/wp\/v2\/posts\/930","targetHints":{"allow":["GET"]}}],"collection":[{"href":"https:\/\/portalvilaprudente.com.br\/portalvp\/wp-json\/wp\/v2\/posts"}],"about":[{"href":"https:\/\/portalvilaprudente.com.br\/portalvp\/wp-json\/wp\/v2\/types\/post"}],"author":[{"embeddable":true,"href":"https:\/\/portalvilaprudente.com.br\/portalvp\/wp-json\/wp\/v2\/users\/1"}],"replies":[{"embeddable":true,"href":"https:\/\/portalvilaprudente.com.br\/portalvp\/wp-json\/wp\/v2\/comments?post=930"}],"version-history":[{"count":6,"href":"https:\/\/portalvilaprudente.com.br\/portalvp\/wp-json\/wp\/v2\/posts\/930\/revisions"}],"predecessor-version":[{"id":939,"href":"https:\/\/portalvilaprudente.com.br\/portalvp\/wp-json\/wp\/v2\/posts\/930\/revisions\/939"}],"wp:featuredmedia":[{"embeddable":true,"href":"https:\/\/portalvilaprudente.com.br\/portalvp\/wp-json\/wp\/v2\/media\/934"}],"wp:attachment":[{"href":"https:\/\/portalvilaprudente.com.br\/portalvp\/wp-json\/wp\/v2\/media?parent=930"}],"wp:term":[{"taxonomy":"category","embeddable":true,"href":"https:\/\/portalvilaprudente.com.br\/portalvp\/wp-json\/wp\/v2\/categories?post=930"},{"taxonomy":"post_tag","embeddable":true,"href":"https:\/\/portalvilaprudente.com.br\/portalvp\/wp-json\/wp\/v2\/tags?post=930"}],"curies":[{"name":"wp","href":"https:\/\/api.w.org\/{rel}","templated":true}]}}